{"id":16903,"date":"2026-01-15T10:30:00","date_gmt":"2026-01-15T09:30:00","guid":{"rendered":"https:\/\/virtualminds.com\/?p=16903"},"modified":"2026-01-15T10:36:14","modified_gmt":"2026-01-15T09:36:14","slug":"veraenderung-an-der-spitze-von-virtual-minds-tom-peruzzi-scheidet-aus-der-geschaeftsfuehrung-aus","status":"publish","type":"post","link":"https:\/\/virtualminds.com\/de\/veraenderung-an-der-spitze-von-virtual-minds-tom-peruzzi-scheidet-aus-der-geschaeftsfuehrung-aus\/","title":{"rendered":"Ver\u00e4nderung an der Spitze von Virtual Minds: Tom Peruzzi scheidet aus der Gesch\u00e4ftsf\u00fchrung aus"},"content":{"rendered":"\t\t<div data-elementor-type=\"wp-post\" data-elementor-id=\"16903\" class=\"elementor elementor-16903\" data-elementor-post-type=\"post\">\n\t\t\t\t\t\t<section class=\"elementor-section elementor-top-section elementor-element elementor-element-37954499 elementor-section-boxed elementor-section-height-default elementor-section-height-default\" data-id=\"37954499\" data-element_type=\"section\" data-e-type=\"section\">\n\t\t\t\t\t\t<div class=\"elementor-container elementor-column-gap-default\">\n\t\t\t\t\t<div class=\"elementor-column elementor-col-100 elementor-top-column elementor-element elementor-element-2b16c18b\" data-id=\"2b16c18b\" data-element_type=\"column\" data-e-type=\"column\">\n\t\t\t<div class=\"elementor-widget-wrap elementor-element-populated\">\n\t\t\t\t\t\t<div class=\"elementor-element elementor-element-19d3bcb4 elementor-widget elementor-widget-text-editor\" data-id=\"19d3bcb4\" data-element_type=\"widget\" data-e-type=\"widget\" data-widget_type=\"text-editor.default\">\n\t\t\t\t<div class=\"elementor-widget-container\">\n\t\t\t\t\t\t\t\t\t<p><strong>Freiburg, 15. Januar 2026. Ver\u00e4nderung im Top-Management von Virtual Minds: Tom Peruzzi, seit 2021 Sprecher der Gesch\u00e4ftsf\u00fchrung von Virtual Minds, legt auf eigenen Wunsch mit Wirkung zum 31.01.2026 seine Gesch\u00e4ftsf\u00fchrert\u00e4tigkeit nieder, um sich neuen beruflichen Herausforderungen zu widmen. Seine operativen Verantwortlich-keiten und Aufgaben \u00fcbernehmen seine beiden langj\u00e4hrigen Mitgesch\u00e4ftsf\u00fchrer Dirk von Borstel und Ricarda Jebsen, die damit f\u00fcr Kontinuit\u00e4t an der Spitze des f\u00fchrenden europ\u00e4ischen Adtech-Spezialisten sorgen.<\/strong><\/p>\n<p>Tom Peruzzi stieg 2017 als CTO beim Freiburger Werbetechnologieproduzenten ein und \u00fcbernahm 2021 die Sprecherrolle in der Gesch\u00e4ftsf\u00fchrung des Unternehmens. Das F\u00fchrungsgremium mit ihm, Dirk von Borstel und Ricarda Jebsen trieb u.a. den strategischen Ausbau sowie die erfolgreiche technologische Integration des modularen Programmatic Full-Tech-Stacks unter der Dachmarke Virtual Minds voran, startete die Entwicklung und Markteinf\u00fchrung des innovativen Media Managers und stie\u00df mit Peruzzi an der Spitze die Expansion des Unternehmens ins europ\u00e4ische Ausland jenseits des DACH-Raums an. Mit seiner profunden Expertise zu Technologietrends und Marktentwicklungen engagiert Peruzzi sich dar\u00fcber hinaus in deutschen und europ\u00e4ischen Branchenverb\u00e4nden wie dem BVDW und dem IAB Europe. Der renommierte Digital- und Adtech-Experte geh\u00f6rte insgesamt \u00fcber acht Jahre dem Top-Management von Virtual Minds an.<\/p>\n<p>\u201eMit gro\u00dfer Freude und Dankbarkeit blicke ich auf acht \u00fcberaus erfolgreiche und ebenso herausfordernde wie tolle Jahre bei Virtual Minds zur\u00fcck, f\u00fcr die ich mich bei allen Kolleginnen und Kollegen und unserem Shareholder ProSiebenSat.1 sehr herzlich bedanken m\u00f6chte\u201c, erkl\u00e4rt <strong>Tom Peruzzi<\/strong>. \u201eMein Einstieg bei Virtual Minds 2017 erfolgte mit einem klar umrissenen Auftrag und Ziel: die Unternehmensgruppe durch eine grundlegende Transformationsphase zu begleiten \u2013 von einem gr\u00fcndergef\u00fchrten Unternehmensverbund hin zu einem kompetitiven, governance-integrierten europ\u00e4i-schen Adtech-Unternehmen. Die hierf\u00fcr notwendigen strategischen Schritte haben wir umgesetzt und die relevanten Weichen f\u00fcr eine starke und zukunftsorientierte Markt-position von Virtual Minds gestellt. Daher ist das jetzt der perfekte Zeitpunkt, meine bisherige operative Verantwortung an Dirk und Ricarda zu \u00fcbergeben. Ich freue mich sehr, dass sie das Unternehmen in bew\u00e4hrter Weise weiterf\u00fchren und w\u00fcnsche ihnen alles Gute beim Fortschreiben der Erfolgsgeschichte von Virtual Minds.\u201c<\/p>\n<p><b>Markus Messerer, Gesch\u00e4ftsf\u00fchrer &amp; Chief Operating Officer Seven.One Media<\/b> und verantwortlich f\u00fcr das AdTech-Business bei ProSiebenSat.1: \u201eUnter der \u00c4gide von Tom Peruzzi hat sich Virtual Minds zu einem starken Player im AdTech-Bereich entwickelt. So hat etwa die Entwicklung und der Start des Media Managers die Grundlage f\u00fcr unsere einzigartigen und innovativen Advanced TV Werbeprodukte wie etwa Programmatic TV geschaffen. Ich danke Tom Peruzzi f\u00fcr die herausragende Arbeit und habe den stetigen Austausch und seine hohe Expertise sehr gesch\u00e4tzt. Ich bedauere seinen Abschied sehr und w\u00fcnsche ihm beruflich wie privat alles Gute. Gleichzeitig freut mich, dass die Gesch\u00e4ftsf\u00fchrung von Virtual Minds mit Ricard Jebsen und Dirk von Borstel mit zwei ausgewiesenen Experten hervorragend besetzt ist. Damit stellen wir die Weichen f\u00fcr die Zukunft von Virtual Minds und legen diese in bew\u00e4hrte H\u00e4nde.\u201c<\/p>\t\t\t\t\t\t\t\t<\/div>\n\t\t\t\t<\/div>\n\t\t\t\t<div class=\"elementor-element elementor-element-c36436f elementor-widget elementor-widget-text-editor\" data-id=\"c36436f\" data-element_type=\"widget\" data-e-type=\"widget\" data-widget_type=\"text-editor.default\">\n\t\t\t\t<div class=\"elementor-widget-container\">\n\t\t\t\t\t\t\t\t\t<h3><strong>\u00dcber Virtual Minds<\/strong><\/h3>\n<p>Seit \u00fcber 20 Jahren steht Virtual Minds f\u00fcr Premium Adtech made in Europe. Die Digital- und Mediatechnologiemarken von Virtual Minds \u2013 Adition (Enterprise-Marketing-Plattform und Adserving), Active Agent (Omnichannel-DSP), The Adex (Data-Management-Plattform und Cross-Device-Medial\u00f6sungen), Yieldlab (Omnichannel-SSP) und der Virtual Minds Media Manager (Realtime Playout klassischer linearer Medieninventare) \u2013 geh\u00f6ren zu den europ\u00e4ischen und internationalen Top-L\u00f6sungs\u00adangeboten in ihren jeweiligen Segmenten und bilden gemeinsam das f\u00fchrende europ\u00e4ische modulare Full-Stack-Angebot f\u00fcr den digitalen Werbemarkt.<\/p>\n<p>Zu den internationalen Kunden von Virtual Minds z\u00e4hlen gro\u00dfe Verlags- und TV-H\u00e4user und ihre Vermarktungsunits, Agenturgruppen sowie zahlreiche Top-Werbung\u00adtreibende.<\/p>\n<p>Die Virtual Minds GmbH ist eine 100%-ige Tochter der ProSiebenSat.1 Media SE.<\/p>\n<p><a href=\"https:\/\/virtualminds.com\">www.virtualminds.com<\/a><\/p>\t\t\t\t\t\t\t\t<\/div>\n\t\t\t\t<\/div>\n\t\t\t\t<div class=\"elementor-element elementor-element-960f350 elementor-widget elementor-widget-text-editor\" data-id=\"960f350\" data-element_type=\"widget\" data-e-type=\"widget\" data-widget_type=\"text-editor.default\">\n\t\t\t\t<div class=\"elementor-widget-container\">\n\t\t\t\t\t\t\t\t\t<h3><strong>Pressefotos<\/strong><\/h3><ul><li><a href=\"https:\/\/mcusercontent.com\/fb221cd0a6f257a04e8794477\/images\/4d25d070-55d4-14d1-5e83-9f9d6c179afe.jpg\" target=\"_blank\" rel=\"noopener\">Tom Peruzzi<\/a><\/li><li><a href=\"https:\/\/virtualminds.com\/wp-content\/uploads\/2026\/01\/Markus-Messerer.jpeg\">Markus Messerer<\/a><\/li><li><a href=\"https:\/\/virtualminds.com\/wp-content\/uploads\/2024\/10\/vm-fallback.png\">Virtual Minds Logo<\/a><\/li><\/ul>\t\t\t\t\t\t\t\t<\/div>\n\t\t\t\t<\/div>\n\t\t\t\t\t<\/div>\n\t\t<\/div>\n\t\t\t\t\t<\/div>\n\t\t<\/section>\n\t\t<div class=\"elementor-element elementor-element-02f6485 e-flex e-con-boxed e-con e-parent\" data-id=\"02f6485\" data-element_type=\"container\" data-e-type=\"container\">\n\t\t\t\t\t<div class=\"e-con-inner\">\n\t\t\t\t\t<\/div>\n\t\t\t\t<\/div>\n\t\t\t\t<\/div>\n\t\t","protected":false},"excerpt":{"rendered":"<p>Freiburg, 15. Januar 2026. Ver\u00e4nderung im Top-Management von Virtual Minds: Tom Peruzzi, seit 2021 Sprecher der Gesch\u00e4ftsf\u00fchrung von Virtual Minds, legt auf eigenen Wunsch mit Wirkung zum 31.01.2026 seine Gesch\u00e4ftsf\u00fchrert\u00e4tigkeit nieder, um sich neuen beruflichen Herausforderungen zu widmen. Seine operativen Verantwortlich-keiten und Aufgaben \u00fcbernehmen seine beiden langj\u00e4hrigen Mitgesch\u00e4ftsf\u00fchrer Dirk von Borstel und Ricarda Jebsen, die [&hellip;]<\/p>\n","protected":false},"author":3,"featured_media":16905,"comment_status":"closed","ping_status":"closed","sticky":false,"template":"","format":"standard","meta":{"content-type":"","footnotes":""},"categories":[10,42],"tags":[],"class_list":["post-16903","post","type-post","status-publish","format-standard","has-post-thumbnail","hentry","category-presse","category-press"],"_links":{"self":[{"href":"https:\/\/virtualminds.com\/de\/wp-json\/wp\/v2\/posts\/16903","targetHints":{"allow":["GET"]}}],"collection":[{"href":"https:\/\/virtualminds.com\/de\/wp-json\/wp\/v2\/posts"}],"about":[{"href":"https:\/\/virtualminds.com\/de\/wp-json\/wp\/v2\/types\/post"}],"author":[{"embeddable":true,"href":"https:\/\/virtualminds.com\/de\/wp-json\/wp\/v2\/users\/3"}],"replies":[{"embeddable":true,"href":"https:\/\/virtualminds.com\/de\/wp-json\/wp\/v2\/comments?post=16903"}],"version-history":[{"count":7,"href":"https:\/\/virtualminds.com\/de\/wp-json\/wp\/v2\/posts\/16903\/revisions"}],"predecessor-version":[{"id":16924,"href":"https:\/\/virtualminds.com\/de\/wp-json\/wp\/v2\/posts\/16903\/revisions\/16924"}],"wp:featuredmedia":[{"embeddable":true,"href":"https:\/\/virtualminds.com\/de\/wp-json\/wp\/v2\/media\/16905"}],"wp:attachment":[{"href":"https:\/\/virtualminds.com\/de\/wp-json\/wp\/v2\/media?parent=16903"}],"wp:term":[{"taxonomy":"category","embeddable":true,"href":"https:\/\/virtualminds.com\/de\/wp-json\/wp\/v2\/categories?post=16903"},{"taxonomy":"post_tag","embeddable":true,"href":"https:\/\/virtualminds.com\/de\/wp-json\/wp\/v2\/tags?post=16903"}],"curies":[{"name":"wp","href":"https:\/\/api.w.org\/{rel}","templated":true}]}}