{"id":3378,"date":"2023-02-02T10:43:00","date_gmt":"2023-02-02T10:43:00","guid":{"rendered":"https:\/\/virtualminds.com\/?p=3378"},"modified":"2024-10-01T11:44:36","modified_gmt":"2024-10-01T09:44:36","slug":"programmatic-austria-gipfel-2023","status":"publish","type":"post","link":"https:\/\/virtualminds.com\/de\/programmatic-austria-gipfel-2023\/","title":{"rendered":"Das war der Programmatic Austria Gipfel 2023"},"content":{"rendered":"\t\t<div data-elementor-type=\"wp-post\" data-elementor-id=\"3378\" class=\"elementor elementor-3378\" data-elementor-post-type=\"post\">\n\t\t\t\t\t\t<section class=\"elementor-section elementor-top-section elementor-element elementor-element-37954499 elementor-section-boxed elementor-section-height-default elementor-section-height-default\" data-id=\"37954499\" data-element_type=\"section\" data-e-type=\"section\">\n\t\t\t\t\t\t<div class=\"elementor-container elementor-column-gap-default\">\n\t\t\t\t\t<div class=\"elementor-column elementor-col-100 elementor-top-column elementor-element elementor-element-2b16c18b\" data-id=\"2b16c18b\" data-element_type=\"column\" data-e-type=\"column\">\n\t\t\t<div class=\"elementor-widget-wrap elementor-element-populated\">\n\t\t\t\t\t\t<div class=\"elementor-element elementor-element-19d3bcb4 elementor-widget elementor-widget-text-editor\" data-id=\"19d3bcb4\" data-element_type=\"widget\" data-e-type=\"widget\" data-widget_type=\"text-editor.default\">\n\t\t\t\t<div class=\"elementor-widget-container\">\n\t\t\t\t\t\t\t\t\t<p><\/p>\n<p>Am Mittwoch, 01. Februar, war es endlich so weit: Hochkar\u00e4tige Vertreter:innen der \u00f6sterreichischen Digitalwirtschaft kamen beim Programmatic Austria Gipfel 2023 live auf LinkedIn zusammen, um \u00fcber den Status quo, Chancen und Herausforderungen im Umgang mit dem baldigen aus der Third-Party-Cookies zu sprechen.<\/p>\n<p>Den Anfang machten Michael Stix (CCO, ProSiebenSat1 Puls4) sowie Tom Peruzzi (CTO, Virtual Minds), die unter anderem Wichtigkeit der passenden technischen Infrastruktur, des Datenschutzes und den Mut zum Testen eingingen.<\/p>\n<p>\u201eWer seine First Party Data kennt, konform erfasst und ordentlich pflegt, ist sicher im Vorteil\u201c, so Tom Peruzzi.<\/p>\n<p>Im Anschluss begr\u00fc\u00dfte J\u00fcrgen Hofer (Chefredakteur, Horizont \u00d6sterreich) nacheinander die hochkar\u00e4tigen Panelist:innen, um Fragen zu kl\u00e4ren, die die gesamte Branche derzeit besch\u00e4ftigen. Auf diese Weise ergaben sich spannende Insights, wie sowohl Agenturen, Advertiser als auch Vermarkter mit dem Umstieg von Third-Party-Cookies zu alternativen L\u00f6sungen umgehen.<\/p>\n<h2><strong>Chancen, Herausforderung, Entwicklungen<\/strong><\/h2>\n<p>Zun\u00e4chst ging Valerie Brugger (Samsung) auf aktuelle Herausforderungen nationaler und internationaler Advertiser ein und stellte zentrale Entwicklungen und Strategien vor, die das Unternehmen derzeit in den Fokus setzt. Michael Buchbinder (Seven One Entertainment) erkl\u00e4rte darauf, dass besonders der Datenschutz auf Publisherseite von Wichtigkeit ist. Zudem gab er Insights zum Fokus auf First Party Data unter anderem durch den von ProSiebenSat.1 angebotenen Login-Standard 7Pass.<\/p>\n<p>Im Gegensatz dazu legt heute.at ein besonderes Augenmerk auf die Erleichterung von Einstiegsh\u00fcrden, wie Alexandra Hofer (Goldbach) mitteilte. Bereits jetzt seien 90% Prozent des Inventares des Publishers programmatisch adressierbar. Als besonders gute Alternative zum Cookie sei kontextuelles Targeting geeignet, wie Hofer erkl\u00e4rte. Nicola Pohoralek (GroupM) stimmte im Anschluss nicht nur zu, sondern erkl\u00e4rte, dass besonders auch aufseiten der Agenturen viele Ans\u00e4tze getestet werden. Neben kontextuellem Targeting, wird bei GroupM ein besonderes Augenmerk auf Algorithmen gelegt.<\/p>\n<p>Melanie Gegenleithner (iProspect) wies im Anschluss darauf hin, dass nicht nur auf Agenturseite Identifier ausgeweitet werden m\u00fcssen, um Barrieren abzuschw\u00e4chen und die St\u00e4rken von ID-Ans\u00e4tzen zu st\u00e4rken. Last but not least stellte Christoph Kellner (Mediaplus) die besonderen Bed\u00fcrfnisse vor, die Kunden der Agentur bereits jetzt stellen. Kunden m\u00fcssten heute mehr als zuvor abgeholt und unterst\u00fctzt werden, damit der Umstieg zu alternativen L\u00f6sungen auf allen Seiten gelingt. Auch d\u00fcrfe man das Targetingpotenzial von nicht personalisierten Daten nicht untersch\u00e4tzen.<\/p>\n<p><\/p>\n<p><\/p>\n<p><\/p>\t\t\t\t\t\t\t\t<\/div>\n\t\t\t\t<\/div>\n\t\t\t\t<div class=\"elementor-element elementor-element-7b8c659 elementor-widget elementor-widget-gallery\" data-id=\"7b8c659\" data-element_type=\"widget\" data-e-type=\"widget\" data-settings=\"{&quot;gallery_layout&quot;:&quot;justified&quot;,&quot;lazyload&quot;:&quot;yes&quot;,&quot;ideal_row_height&quot;:{&quot;unit&quot;:&quot;px&quot;,&quot;size&quot;:200,&quot;sizes&quot;:[]},&quot;ideal_row_height_tablet&quot;:{&quot;unit&quot;:&quot;px&quot;,&quot;size&quot;:150,&quot;sizes&quot;:[]},&quot;ideal_row_height_mobile&quot;:{&quot;unit&quot;:&quot;px&quot;,&quot;size&quot;:150,&quot;sizes&quot;:[]},&quot;gap&quot;:{&quot;unit&quot;:&quot;px&quot;,&quot;size&quot;:10,&quot;sizes&quot;:[]},&quot;gap_tablet&quot;:{&quot;unit&quot;:&quot;px&quot;,&quot;size&quot;:10,&quot;sizes&quot;:[]},&quot;gap_mobile&quot;:{&quot;unit&quot;:&quot;px&quot;,&quot;size&quot;:10,&quot;sizes&quot;:[]},&quot;link_to&quot;:&quot;file&quot;,&quot;overlay_background&quot;:&quot;yes&quot;,&quot;content_hover_animation&quot;:&quot;fade-in&quot;}\" data-widget_type=\"gallery.default\">\n\t\t\t\t<div class=\"elementor-widget-container\">\n\t\t\t\t\t\t\t<div class=\"elementor-gallery__container\">\n\t\t\t\t\t\t\t<a class=\"e-gallery-item elementor-gallery-item elementor-animated-content\" href=\"https:\/\/virtualminds.com\/wp-content\/uploads\/2023\/09\/Programmatic-Austria-Gipfel-2023_1.jpg\" data-elementor-open-lightbox=\"yes\" data-elementor-lightbox-slideshow=\"7b8c659\" data-elementor-lightbox-title=\"Programmatic-Austria-Gipfel-2023_1\" data-e-action-hash=\"#elementor-action%3Aaction%3Dlightbox%26settings%3DeyJpZCI6MzM4MSwidXJsIjoiaHR0cHM6XC9cL3ZpcnR1YWxtaW5kcy5jb21cL3dwLWNvbnRlbnRcL3VwbG9hZHNcLzIwMjNcLzA5XC9Qcm9ncmFtbWF0aWMtQXVzdHJpYS1HaXBmZWwtMjAyM18xLmpwZyIsInNsaWRlc2hvdyI6IjdiOGM2NTkifQ%3D%3D\">\n\t\t\t\t\t<div class=\"e-gallery-image elementor-gallery-item__image\" data-thumbnail=\"https:\/\/virtualminds.com\/wp-content\/uploads\/2023\/09\/Programmatic-Austria-Gipfel-2023_1-300x167.jpg\" data-width=\"300\" data-height=\"167\" aria-label=\"\" role=\"img\" ><\/div>\n\t\t\t\t\t\t\t\t\t\t\t<div class=\"elementor-gallery-item__overlay\"><\/div>\n\t\t\t\t\t\t\t\t\t\t\t\t\t\t<\/a>\n\t\t\t\t\t\t\t<a class=\"e-gallery-item elementor-gallery-item elementor-animated-content\" href=\"https:\/\/virtualminds.com\/wp-content\/uploads\/2023\/09\/Programmatic-Austria-Gipfel-2023_2.jpg\" data-elementor-open-lightbox=\"yes\" data-elementor-lightbox-slideshow=\"7b8c659\" data-elementor-lightbox-title=\"Programmatic-Austria-Gipfel-2023_2\" data-e-action-hash=\"#elementor-action%3Aaction%3Dlightbox%26settings%3DeyJpZCI6MzM4MiwidXJsIjoiaHR0cHM6XC9cL3ZpcnR1YWxtaW5kcy5jb21cL3dwLWNvbnRlbnRcL3VwbG9hZHNcLzIwMjNcLzA5XC9Qcm9ncmFtbWF0aWMtQXVzdHJpYS1HaXBmZWwtMjAyM18yLmpwZyIsInNsaWRlc2hvdyI6IjdiOGM2NTkifQ%3D%3D\">\n\t\t\t\t\t<div class=\"e-gallery-image elementor-gallery-item__image\" data-thumbnail=\"https:\/\/virtualminds.com\/wp-content\/uploads\/2023\/09\/Programmatic-Austria-Gipfel-2023_2-300x166.jpg\" data-width=\"300\" data-height=\"166\" aria-label=\"\" role=\"img\" ><\/div>\n\t\t\t\t\t\t\t\t\t\t\t<div class=\"elementor-gallery-item__overlay\"><\/div>\n\t\t\t\t\t\t\t\t\t\t\t\t\t\t<\/a>\n\t\t\t\t\t\t\t<a class=\"e-gallery-item elementor-gallery-item elementor-animated-content\" href=\"https:\/\/virtualminds.com\/wp-content\/uploads\/2023\/09\/Programmatic-Austria-Gipfel-2023_3.jpg\" data-elementor-open-lightbox=\"yes\" data-elementor-lightbox-slideshow=\"7b8c659\" data-elementor-lightbox-title=\"Programmatic-Austria-Gipfel-2023_3\" data-e-action-hash=\"#elementor-action%3Aaction%3Dlightbox%26settings%3DeyJpZCI6MzM4MywidXJsIjoiaHR0cHM6XC9cL3ZpcnR1YWxtaW5kcy5jb21cL3dwLWNvbnRlbnRcL3VwbG9hZHNcLzIwMjNcLzA5XC9Qcm9ncmFtbWF0aWMtQXVzdHJpYS1HaXBmZWwtMjAyM18zLmpwZyIsInNsaWRlc2hvdyI6IjdiOGM2NTkifQ%3D%3D\">\n\t\t\t\t\t<div class=\"e-gallery-image elementor-gallery-item__image\" data-thumbnail=\"https:\/\/virtualminds.com\/wp-content\/uploads\/2023\/09\/Programmatic-Austria-Gipfel-2023_3-300x166.jpg\" data-width=\"300\" data-height=\"166\" aria-label=\"J\u00fcrgen Hofer und Michael Buchbinder\" role=\"img\" ><\/div>\n\t\t\t\t\t\t\t\t\t\t\t<div class=\"elementor-gallery-item__overlay\"><\/div>\n\t\t\t\t\t\t\t\t\t\t\t\t\t\t<\/a>\n\t\t\t\t\t\t\t<a class=\"e-gallery-item elementor-gallery-item elementor-animated-content\" href=\"https:\/\/virtualminds.com\/wp-content\/uploads\/2023\/09\/Programmatic-Austria-Gipfel-2023_4.jpg\" data-elementor-open-lightbox=\"yes\" data-elementor-lightbox-slideshow=\"7b8c659\" data-elementor-lightbox-title=\"Programmatic-Austria-Gipfel-2023_4\" data-e-action-hash=\"#elementor-action%3Aaction%3Dlightbox%26settings%3DeyJpZCI6MzM4NCwidXJsIjoiaHR0cHM6XC9cL3ZpcnR1YWxtaW5kcy5jb21cL3dwLWNvbnRlbnRcL3VwbG9hZHNcLzIwMjNcLzA5XC9Qcm9ncmFtbWF0aWMtQXVzdHJpYS1HaXBmZWwtMjAyM180LmpwZyIsInNsaWRlc2hvdyI6IjdiOGM2NTkifQ%3D%3D\">\n\t\t\t\t\t<div class=\"e-gallery-image elementor-gallery-item__image\" data-thumbnail=\"https:\/\/virtualminds.com\/wp-content\/uploads\/2023\/09\/Programmatic-Austria-Gipfel-2023_4-300x166.jpg\" data-width=\"300\" data-height=\"166\" aria-label=\"J\u00fcrgen Hofer und Alexandra Hofer\" role=\"img\" ><\/div>\n\t\t\t\t\t\t\t\t\t\t\t<div class=\"elementor-gallery-item__overlay\"><\/div>\n\t\t\t\t\t\t\t\t\t\t\t\t\t\t<\/a>\n\t\t\t\t\t\t\t<a class=\"e-gallery-item elementor-gallery-item elementor-animated-content\" href=\"https:\/\/virtualminds.com\/wp-content\/uploads\/2023\/09\/Programmatic-Austria-Gipfel-2023_5.jpg\" data-elementor-open-lightbox=\"yes\" data-elementor-lightbox-slideshow=\"7b8c659\" data-elementor-lightbox-title=\"Programmatic-Austria-Gipfel-2023_5\" data-e-action-hash=\"#elementor-action%3Aaction%3Dlightbox%26settings%3DeyJpZCI6MzM4NSwidXJsIjoiaHR0cHM6XC9cL3ZpcnR1YWxtaW5kcy5jb21cL3dwLWNvbnRlbnRcL3VwbG9hZHNcLzIwMjNcLzA5XC9Qcm9ncmFtbWF0aWMtQXVzdHJpYS1HaXBmZWwtMjAyM181LmpwZyIsInNsaWRlc2hvdyI6IjdiOGM2NTkifQ%3D%3D\">\n\t\t\t\t\t<div class=\"e-gallery-image elementor-gallery-item__image\" data-thumbnail=\"https:\/\/virtualminds.com\/wp-content\/uploads\/2023\/09\/Programmatic-Austria-Gipfel-2023_5-300x166.jpg\" data-width=\"300\" data-height=\"166\" aria-label=\"J\u00fcrgen Hofer und Nicola Pohoralek\" role=\"img\" ><\/div>\n\t\t\t\t\t\t\t\t\t\t\t<div class=\"elementor-gallery-item__overlay\"><\/div>\n\t\t\t\t\t\t\t\t\t\t\t\t\t\t<\/a>\n\t\t\t\t\t\t\t<a class=\"e-gallery-item elementor-gallery-item elementor-animated-content\" href=\"https:\/\/virtualminds.com\/wp-content\/uploads\/2023\/09\/Programmatic-Austria-Gipfel-2023_6.jpg\" data-elementor-open-lightbox=\"yes\" data-elementor-lightbox-slideshow=\"7b8c659\" data-elementor-lightbox-title=\"Programmatic-Austria-Gipfel-2023_6\" data-e-action-hash=\"#elementor-action%3Aaction%3Dlightbox%26settings%3DeyJpZCI6MzM4NiwidXJsIjoiaHR0cHM6XC9cL3ZpcnR1YWxtaW5kcy5jb21cL3dwLWNvbnRlbnRcL3VwbG9hZHNcLzIwMjNcLzA5XC9Qcm9ncmFtbWF0aWMtQXVzdHJpYS1HaXBmZWwtMjAyM182LmpwZyIsInNsaWRlc2hvdyI6IjdiOGM2NTkifQ%3D%3D\">\n\t\t\t\t\t<div class=\"e-gallery-image elementor-gallery-item__image\" data-thumbnail=\"https:\/\/virtualminds.com\/wp-content\/uploads\/2023\/09\/Programmatic-Austria-Gipfel-2023_6-300x166.jpg\" data-width=\"300\" data-height=\"166\" aria-label=\"J\u00fcrgen Hofer und Melanie Gegenleithner\" role=\"img\" ><\/div>\n\t\t\t\t\t\t\t\t\t\t\t<div class=\"elementor-gallery-item__overlay\"><\/div>\n\t\t\t\t\t\t\t\t\t\t\t\t\t\t<\/a>\n\t\t\t\t\t<\/div>\n\t\t\t\t\t<\/div>\n\t\t\t\t<\/div>\n\t\t\t\t<div class=\"elementor-element elementor-element-c36436f elementor-widget elementor-widget-text-editor\" data-id=\"c36436f\" data-element_type=\"widget\" data-e-type=\"widget\" data-widget_type=\"text-editor.default\">\n\t\t\t\t<div class=\"elementor-widget-container\">\n\t\t\t\t\t\t\t\t\t<p>Die unterschiedlichen Sichtweisen, Einsch\u00e4tzungen und Insights, wie mit dem kommenden Change umgegangen wird, erhielten zahlreichen Zuspruch der teilnehmenden Zuschauer:innen.<\/p>\n<p><strong>Du hast das Event verpasst oder m\u00f6chtest dir bestimmte Insights noch einmal anschauen? Hier geht es zur <a href=\"https:\/\/www.linkedin.com\/video\/event\/urn:li:ugcPost:7019255793300455424\/\" target=\"_blank\" rel=\"noopener\">Aufzeichnung des Programmatic Austria Gipfel 2023<\/a>.<\/strong><\/p>\t\t\t\t\t\t\t\t<\/div>\n\t\t\t\t<\/div>\n\t\t\t\t\t<\/div>\n\t\t<\/div>\n\t\t\t\t\t<\/div>\n\t\t<\/section>\n\t\t\t\t<\/div>\n\t\t","protected":false},"excerpt":{"rendered":"<p>Am Mittwoch, 01. Februar, war es endlich so weit: Hochkar\u00e4tige Vertreter:innen der \u00f6sterreichischen Digitalwirtschaft kamen beim Programmatic Austria Gipfel 2023 live auf LinkedIn zusammen, um \u00fcber den Status quo, Chancen und Herausforderungen im Umgang mit dem baldigen aus der Third-Party-Cookies zu sprechen. Den Anfang machten Michael Stix (CCO, ProSiebenSat1 Puls4) sowie Tom Peruzzi (CTO, Virtual [&hellip;]<\/p>\n","protected":false},"author":3,"featured_media":3379,"comment_status":"closed","ping_status":"closed","sticky":false,"template":"","format":"standard","meta":{"content-type":"","footnotes":""},"categories":[43,1],"tags":[],"class_list":["post-3378","post","type-post","status-publish","format-standard","has-post-thumbnail","hentry","category-blog_ger","category-unkategorisiert"],"_links":{"self":[{"href":"https:\/\/virtualminds.com\/de\/wp-json\/wp\/v2\/posts\/3378","targetHints":{"allow":["GET"]}}],"collection":[{"href":"https:\/\/virtualminds.com\/de\/wp-json\/wp\/v2\/posts"}],"about":[{"href":"https:\/\/virtualminds.com\/de\/wp-json\/wp\/v2\/types\/post"}],"author":[{"embeddable":true,"href":"https:\/\/virtualminds.com\/de\/wp-json\/wp\/v2\/users\/3"}],"replies":[{"embeddable":true,"href":"https:\/\/virtualminds.com\/de\/wp-json\/wp\/v2\/comments?post=3378"}],"version-history":[{"count":1,"href":"https:\/\/virtualminds.com\/de\/wp-json\/wp\/v2\/posts\/3378\/revisions"}],"predecessor-version":[{"id":5423,"href":"https:\/\/virtualminds.com\/de\/wp-json\/wp\/v2\/posts\/3378\/revisions\/5423"}],"wp:featuredmedia":[{"embeddable":true,"href":"https:\/\/virtualminds.com\/de\/wp-json\/wp\/v2\/media\/3379"}],"wp:attachment":[{"href":"https:\/\/virtualminds.com\/de\/wp-json\/wp\/v2\/media?parent=3378"}],"wp:term":[{"taxonomy":"category","embeddable":true,"href":"https:\/\/virtualminds.com\/de\/wp-json\/wp\/v2\/categories?post=3378"},{"taxonomy":"post_tag","embeddable":true,"href":"https:\/\/virtualminds.com\/de\/wp-json\/wp\/v2\/tags?post=3378"}],"curies":[{"name":"wp","href":"https:\/\/api.w.org\/{rel}","templated":true}]}}